{"id":380,"date":"2024-12-30T17:33:08","date_gmt":"2024-12-30T14:33:08","guid":{"rendered":"https:\/\/drsabancelebi.com\/?p=380"},"modified":"2026-02-04T15:54:11","modified_gmt":"2026-02-04T12:54:11","slug":"acumulacion-de-liquido-en-el-oido-medio-derrame","status":"publish","type":"post","link":"https:\/\/drsabancelebi.com\/es\/acumulacion-de-liquido-en-el-oido-medio-derrame\/","title":{"rendered":"Acumulaci\u00f3n de l\u00edquido en el o\u00eddo medio (derrame)"},"content":{"rendered":"<div id=\"ez-toc-container\" class=\"ez-toc-v2_0_73 counter-flat ez-toc-counter ez-toc-grey ez-toc-container-direction\">\n<div class=\"ez-toc-title-container\">\n<p class=\"ez-toc-title\" style=\"cursor:inherit\">Tabla de Contenido<\/p>\n<span class=\"ez-toc-title-toggle\"><\/span><\/div>\n<nav><ul class='ez-toc-list ez-toc-list-level-1 ' ><li class='ez-toc-page-1'><a class=\"ez-toc-link ez-toc-heading-1\" href=\"#\" data-href=\"https:\/\/drsabancelebi.com\/es\/acumulacion-de-liquido-en-el-oido-medio-derrame\/#%C2%BFQUE_ES_LA_INFECCION_DEL_OIDO_MEDIO\" title=\"\u00bfQU\u00c9 ES LA INFECCI\u00d3N DEL O\u00cdDO MEDIO?\">\u00bfQU\u00c9 ES LA INFECCI\u00d3N DEL O\u00cdDO MEDIO?<\/a><\/li><li class='ez-toc-page-1'><a class=\"ez-toc-link ez-toc-heading-2\" href=\"#\" data-href=\"https:\/\/drsabancelebi.com\/es\/acumulacion-de-liquido-en-el-oido-medio-derrame\/#Otitis_Media_Serosa_Otitis_Media_Serosa_Otitis_Media_con_Efluencia\" title=\"Otitis Media Serosa (Otitis Media Serosa, Otitis Media con Efluencia)\">Otitis Media Serosa (Otitis Media Serosa, Otitis Media con Efluencia)<\/a><\/li><li class='ez-toc-page-1'><a class=\"ez-toc-link ez-toc-heading-3\" href=\"#\" data-href=\"https:\/\/drsabancelebi.com\/es\/acumulacion-de-liquido-en-el-oido-medio-derrame\/#CAUSAS_DE_LA_OTITIS_MEDIA_SEROSA\" title=\"CAUSAS DE LA OTITIS MEDIA SEROSA\">CAUSAS DE LA OTITIS MEDIA SEROSA<\/a><\/li><li class='ez-toc-page-1'><a class=\"ez-toc-link ez-toc-heading-4\" href=\"#\" data-href=\"https:\/\/drsabancelebi.com\/es\/acumulacion-de-liquido-en-el-oido-medio-derrame\/#TRATAMIENTO\" title=\"TRATAMIENTO\">TRATAMIENTO<\/a><\/li><li class='ez-toc-page-1'><a class=\"ez-toc-link ez-toc-heading-5\" href=\"#\" data-href=\"https:\/\/drsabancelebi.com\/es\/acumulacion-de-liquido-en-el-oido-medio-derrame\/#Tratamiento_con_medicamentos\" title=\"Tratamiento con medicamentos:\">Tratamiento con medicamentos:<\/a><\/li><li class='ez-toc-page-1'><a class=\"ez-toc-link ez-toc-heading-6\" href=\"#\" data-href=\"https:\/\/drsabancelebi.com\/es\/acumulacion-de-liquido-en-el-oido-medio-derrame\/#Tratamiento_quirurgico\" title=\"Tratamiento quir\u00fargico:\">Tratamiento quir\u00fargico:<\/a><\/li><\/ul><\/nav><\/div>\n<h2><span class=\"ez-toc-section\" id=\"%C2%BFQUE_ES_LA_INFECCION_DEL_OIDO_MEDIO\"><\/span>\u00bfQU\u00c9 ES LA INFECCI\u00d3N DEL O\u00cdDO MEDIO?<span class=\"ez-toc-section-end\"><\/span><\/h2>\n<p>Las infecciones del o\u00eddo medio son inflamaciones que ocurren en el espacio del o\u00eddo medio ubicado detr\u00e1s del t\u00edmpano. Su causa generalmente son virus o bacterias. Con frecuencia, ocurren despu\u00e9s de un resfriado reciente o un problema al\u00e9rgico que altera la funci\u00f3n de la trompa de Eustaquio, que permite la ventilaci\u00f3n del o\u00eddo medio. Puede afectar a uno o ambos o\u00eddos simult\u00e1neamente. En ni\u00f1os peque\u00f1os, debido a que la trompa de Eustaquio no ha completado su desarrollo anat\u00f3mico, las diferencias en la funci\u00f3n y anatom\u00eda de la trompa de Eustaquio aumentan la incidencia de infecciones del o\u00eddo medio. Especialmente;<\/p>\n<ul>\n<li>En ni\u00f1os menores de cinco a\u00f1os,<\/li>\n<li>En hombres,<\/li>\n<li>En beb\u00e9s alimentados con biber\u00f3n,<\/li>\n<li>En ni\u00f1os que asisten a guarder\u00eda,<\/li>\n<li>En ni\u00f1os que se encuentran en ambientes mal ventilados y expuestos al humo del cigarrillo, las infecciones del o\u00eddo medio son m\u00e1s frecuentes.<\/li>\n<li>Las infecciones del o\u00eddo medio tambi\u00e9n se observan con menor frecuencia en adolescentes y adultos. Las inflamaciones m\u00e1s comunes del o\u00eddo medio en ni\u00f1os son la otitis media serosa \/ con efusi\u00f3n y la otitis media aguda.<\/li>\n<\/ul>\n<h3><span class=\"ez-toc-section\" id=\"Otitis_Media_Serosa_Otitis_Media_Serosa_Otitis_Media_con_Efluencia\"><\/span>Otitis Media Serosa (Otitis Media Serosa, Otitis Media con Efluencia)<span class=\"ez-toc-section-end\"><\/span><\/h3>\n<p>Normalmente, la funci\u00f3n de la trompa de Eustaquio, que se abre brevemente con cada degluci\u00f3n para ajustar la presi\u00f3n en el o\u00eddo medio, se altera debido a infecciones virales, reacciones al\u00e9rgicas y otras causas. Como resultado, el o\u00eddo medio no se ventila correctamente, se acumulan secreciones y el aire se absorbe por los tejidos, creando una presi\u00f3n negativa que atrae l\u00edquido de los tejidos, llenando el o\u00eddo medio con l\u00edquido (otitis serosa). Con presi\u00f3n negativa prolongada, el moco de la mucosa se espesa, dando lugar a un cuadro m\u00e1s cr\u00f3nico conocido como otitis media secretora. El t\u00edmpano no puede vibrar adecuadamente debido a este l\u00edquido, lo que causa p\u00e9rdida auditiva en el ni\u00f1o. Esta p\u00e9rdida auditiva leve provoca varios cambios en el comportamiento del ni\u00f1o: la cronificaci\u00f3n del problema puede retrasar el desarrollo mental y el inicio del habla. Los principales signos observados en ni\u00f1os con p\u00e9rdida auditiva son;<\/p>\n<ul>\n<li>El ni\u00f1o sube demasiado el volumen del televisor o se sienta muy cerca de \u00e9l.<\/li>\n<li>No responde inmediatamente o no presta atenci\u00f3n a lo que se le dice debido a que no escucha bien.<\/li>\n<li>El inter\u00e9s en lo que dice el maestro en la escuela disminuye, y el ni\u00f1o comienza a tener dificultades acad\u00e9micas. En ni\u00f1os perezosos en la escuela, se debe investigar la presencia de l\u00edquido en el o\u00eddo medio y p\u00e9rdida auditiva.<\/li>\n<li>Pueden ocurrir trastornos del habla, especialmente relacionados con la mala percepci\u00f3n de consonantes como \u00abs\u00bb y \u00abz\u00bb.<\/li>\n<\/ul>\n<h3><span class=\"ez-toc-section\" id=\"CAUSAS_DE_LA_OTITIS_MEDIA_SEROSA\"><\/span>CAUSAS DE LA OTITIS MEDIA SEROSA<span class=\"ez-toc-section-end\"><\/span><\/h3>\n<p>La otitis serosa es una enfermedad silenciosa que generalmente no presenta quejas evidentes como fiebre, v\u00f3mitos o dolor. El diagn\u00f3stico suele realizarse durante ex\u00e1menes realizados por quejas relacionadas con las adenoides o al sospecharse p\u00e9rdida auditiva en el examen f\u00edsico.<\/p>\n<p>El t\u00edmpano se ha engrosado, endurecido y ha aumentado la vascularizaci\u00f3n. Dependiendo de la duraci\u00f3n del problema, puede haber retracci\u00f3n del t\u00edmpano, adherencias hacia las estructuras del o\u00eddo medio y cambios de color oscuros. La otitis serosa frecuentemente afecta ambos o\u00eddos. En otitis serosa unilateral, puede no detectarse p\u00e9rdida auditiva. En estos casos, se pueden observar s\u00edntomas como desequilibrio, dificultades en actividades deportivas y dificultades al caminar debido a la afectaci\u00f3n del centro de equilibrio. Como prueba auxiliar para el diagn\u00f3stico, se realiza la medici\u00f3n de la presi\u00f3n en el o\u00eddo medio, la evaluaci\u00f3n de los reflejos auditivos y pruebas de audici\u00f3n en ni\u00f1os que pueden adaptarse. La p\u00e9rdida auditiva es de tipo de conducci\u00f3n. Rara vez, en la otitis media serosa, puede desarrollarse una p\u00e9rdida nerviosa debido a las sustancias secretadas por los microorganismos en el o\u00eddo medio.<\/p>\n<h2><span class=\"ez-toc-section\" id=\"TRATAMIENTO\"><\/span>TRATAMIENTO<span class=\"ez-toc-section-end\"><\/span><\/h2>\n<h3><span class=\"ez-toc-section\" id=\"Tratamiento_con_medicamentos\"><\/span>Tratamiento con medicamentos:<span class=\"ez-toc-section-end\"><\/span><\/h3>\n<p>Se inicia con tratamiento con antibi\u00f3ticos. Pueden usarse medicamentos que reducen la hinchaz\u00f3n de la mucosa y adelgazan el moco. En pacientes con diagn\u00f3stico de alergia, se debe a\u00f1adir tratamiento antial\u00e9rgico. Actividades como masticar chicle y inflar globos pueden ayudar significativamente a la funci\u00f3n de la trompa de Eustaquio. En este sentido, sistemas simples como Otovent, que inflan globos a trav\u00e9s de la nariz para proporcionar aire, pueden ser mucho m\u00e1s beneficiosos.<\/p>\n<p>Especialmente en otitis serosa con frecuentes episodios agudos de otitis y en ni\u00f1os que asisten al jard\u00edn de infantes, puede ser apropiado no enviarlos a este ambiente durante aproximadamente un mes. En ni\u00f1os alimentados con biber\u00f3n, se recomienda que la alimentaci\u00f3n se realice en una posici\u00f3n semisentada.<\/p>\n<p>Dado que la enfermedad se observa con mayor frecuencia durante los meses de oto\u00f1o e invierno debido a las infecciones virales aumentadas, se pueden realizar ajustes en la planificaci\u00f3n del tratamiento. Antes de la temporada de verano, la probabilidad de \u00e9xito del tratamiento m\u00e9dico aumenta, mientras que en invierno esta probabilidad disminuye.<\/p>\n<p>Si los tratamientos aplicados durante seis a ocho semanas no tienen \u00e9xito y hay una p\u00e9rdida auditiva superior a 20-25 dB, se prefiere el tratamiento quir\u00fargico. Si el t\u00edmpano est\u00e1 retra\u00eddo, colapsado o con engrosamiento, si ha ocurrido una p\u00e9rdida nerviosa o si ha comenzado un trastorno del equilibrio, se puede elegir directamente el tratamiento quir\u00fargico.<\/p>\n<h3><span class=\"ez-toc-section\" id=\"Tratamiento_quirurgico\"><\/span>Tratamiento quir\u00fargico:<span class=\"ez-toc-section-end\"><\/span><\/h3>\n<p>En el tratamiento quir\u00fargico se inserta un tubo de ventilaci\u00f3n en el t\u00edmpano, lo que restaura inmediatamente la p\u00e9rdida auditiva. Adem\u00e1s, si hay adenoides y am\u00edgdalas presentes, se pueden extirpar. El tubo de ventilaci\u00f3n se coloca en los ni\u00f1os bajo anestesia general, generalmente permanece en el t\u00edmpano durante 8-12 meses y luego se cae por s\u00ed solo o es extra\u00eddo por el m\u00e9dico (tubos grommet que no caen despu\u00e9s de 15 meses). Generalmente, no es necesario realizar una intervenci\u00f3n quir\u00fargica adicional para retirar el tubo; esto se hace en el consultorio. Con estos tratamientos, la mayor\u00eda de los pacientes se curan por completo. Rara vez, puede ser necesario realizar aplicaciones repetidas de tubos o implantar tubos permanentes (tubo T). Especialmente en ni\u00f1os con quejas recurrentes de otitis serosa, se debe evaluar la alergia y las funciones del sistema inmunol\u00f3gico.<\/p>\n<p>Se recomienda a los pacientes con tubos de ventilaci\u00f3n que asistan a controles 3 y 10 d\u00edas despu\u00e9s de la intervenci\u00f3n y que se protejan del agua. Los tubos de ventilaci\u00f3n igualan la diferencia de presi\u00f3n entre el o\u00eddo medio y el conducto auditivo externo a trav\u00e9s de peque\u00f1os orificios, como se ve a continuaci\u00f3n. Por lo tanto, una peque\u00f1a acumulaci\u00f3n de cerumen puede bloquear el orificio del tubo, impidiendo su funcionamiento. Por lo tanto, es obligatorio que los tubos sean evaluados mensualmente por especialistas en Otorrinolaringolog\u00eda y que se realicen pruebas de audiometr\u00eda para evaluar la audici\u00f3n mientras los tubos permanecen insertados.<\/p>\n","protected":false},"excerpt":{"rendered":"<p>\u00bfQU\u00c9 ES LA INFECCI\u00d3N DEL O\u00cdDO MEDIO? Las infecciones del o\u00eddo medio son inflamaciones que ocurren en el espacio del o\u00eddo medio ubicado detr\u00e1s del t\u00edmpano. Su causa generalmente son virus o bacterias. Con frecuencia, ocurren despu\u00e9s de un resfriado reciente o un problema al\u00e9rgico que altera la funci\u00f3n de la trompa de Eustaquio, que [&hellip;]<\/p>\n","protected":false},"author":1,"featured_media":511,"comment_status":"open","ping_status":"open","sticky":false,"template":"","format":"standard","meta":{"footnotes":""},"categories":[7],"tags":[],"class_list":["post-380","post","type-post","status-publish","format-standard","has-post-thumbnail","hentry","category-blog"],"_links":{"self":[{"href":"https:\/\/drsabancelebi.com\/es\/wp-json\/wp\/v2\/posts\/380","targetHints":{"allow":["GET"]}}],"collection":[{"href":"https:\/\/drsabancelebi.com\/es\/wp-json\/wp\/v2\/posts"}],"about":[{"href":"https:\/\/drsabancelebi.com\/es\/wp-json\/wp\/v2\/types\/post"}],"author":[{"embeddable":true,"href":"https:\/\/drsabancelebi.com\/es\/wp-json\/wp\/v2\/users\/1"}],"replies":[{"embeddable":true,"href":"https:\/\/drsabancelebi.com\/es\/wp-json\/wp\/v2\/comments?post=380"}],"version-history":[{"count":3,"href":"https:\/\/drsabancelebi.com\/es\/wp-json\/wp\/v2\/posts\/380\/revisions"}],"predecessor-version":[{"id":454,"href":"https:\/\/drsabancelebi.com\/es\/wp-json\/wp\/v2\/posts\/380\/revisions\/454"}],"wp:featuredmedia":[{"embeddable":true,"href":"https:\/\/drsabancelebi.com\/es\/wp-json\/wp\/v2\/media\/511"}],"wp:attachment":[{"href":"https:\/\/drsabancelebi.com\/es\/wp-json\/wp\/v2\/media?parent=380"}],"wp:term":[{"taxonomy":"category","embeddable":true,"href":"https:\/\/drsabancelebi.com\/es\/wp-json\/wp\/v2\/categories?post=380"},{"taxonomy":"post_tag","embeddable":true,"href":"https:\/\/drsabancelebi.com\/es\/wp-json\/wp\/v2\/tags?post=380"}],"curies":[{"name":"wp","href":"https:\/\/api.w.org\/{rel}","templated":true}]}}