{"id":377,"date":"2024-12-30T17:31:04","date_gmt":"2024-12-30T14:31:04","guid":{"rendered":"https:\/\/drsabancelebi.com\/?p=377"},"modified":"2026-02-04T15:54:43","modified_gmt":"2026-02-04T12:54:43","slug":"infecciones-del-oido-medio-cronicas","status":"publish","type":"post","link":"https:\/\/drsabancelebi.com\/es\/infecciones-del-oido-medio-cronicas\/","title":{"rendered":"Infecciones del o\u00eddo medio (cr\u00f3nicas)"},"content":{"rendered":"<div id=\"ez-toc-container\" class=\"ez-toc-v2_0_73 counter-flat ez-toc-counter ez-toc-grey ez-toc-container-direction\">\n<div class=\"ez-toc-title-container\">\n<p class=\"ez-toc-title\" style=\"cursor:inherit\">Tabla de Contenido<\/p>\n<span class=\"ez-toc-title-toggle\"><\/span><\/div>\n<nav><ul class='ez-toc-list ez-toc-list-level-1 ' ><li class='ez-toc-page-1'><a class=\"ez-toc-link ez-toc-heading-1\" href=\"#\" data-href=\"https:\/\/drsabancelebi.com\/es\/infecciones-del-oido-medio-cronicas\/#%C2%BFQUE_ES_LA_INFECCION_DEL_OIDO_MEDIO\" title=\"\u00bfQU\u00c9 ES LA INFECCI\u00d3N DEL O\u00cdDO MEDIO?\">\u00bfQU\u00c9 ES LA INFECCI\u00d3N DEL O\u00cdDO MEDIO?<\/a><\/li><li class='ez-toc-page-1'><a class=\"ez-toc-link ez-toc-heading-2\" href=\"#\" data-href=\"https:\/\/drsabancelebi.com\/es\/infecciones-del-oido-medio-cronicas\/#%C2%BFCUALES_SON_LOS_TIPOS_DE_INFECCIONES_CRONICAS_DEL_OIDO_MEDIO\" title=\"\u00bfCU\u00c1LES SON LOS TIPOS DE INFECCIONES CR\u00d3NICAS DEL O\u00cdDO MEDIO?\">\u00bfCU\u00c1LES SON LOS TIPOS DE INFECCIONES CR\u00d3NICAS DEL O\u00cdDO MEDIO?<\/a><\/li><li class='ez-toc-page-1'><a class=\"ez-toc-link ez-toc-heading-3\" href=\"#\" data-href=\"https:\/\/drsabancelebi.com\/es\/infecciones-del-oido-medio-cronicas\/#1_Perforaciones_del_Timpano_Debidas_a_Infecciones_Agudas_Traumatismos_o_Cirugias\" title=\"1. Perforaciones del T\u00edmpano Debidas a Infecciones Agudas, Traumatismos o Cirug\u00edas\">1. Perforaciones del T\u00edmpano Debidas a Infecciones Agudas, Traumatismos o Cirug\u00edas<\/a><\/li><li class='ez-toc-page-1'><a class=\"ez-toc-link ez-toc-heading-4\" href=\"#\" data-href=\"https:\/\/drsabancelebi.com\/es\/infecciones-del-oido-medio-cronicas\/#2_Otitis_Media_Cronica_con_Colesteatoma\" title=\"2. Otitis Media Cr\u00f3nica con Colesteatoma\">2. Otitis Media Cr\u00f3nica con Colesteatoma<\/a><\/li><li class='ez-toc-page-1'><a class=\"ez-toc-link ez-toc-heading-5\" href=\"#\" data-href=\"https:\/\/drsabancelebi.com\/es\/infecciones-del-oido-medio-cronicas\/#Tratamiento_Quirurgico_de_la_Otitis_Media_Cronica_con_Colesteatoma\" title=\"Tratamiento Quir\u00fargico de la Otitis Media Cr\u00f3nica con Colesteatoma\">Tratamiento Quir\u00fargico de la Otitis Media Cr\u00f3nica con Colesteatoma<\/a><\/li><\/ul><\/nav><\/div>\n<h2><span class=\"ez-toc-section\" id=\"%C2%BFQUE_ES_LA_INFECCION_DEL_OIDO_MEDIO\"><\/span>\u00bfQU\u00c9 ES LA INFECCI\u00d3N DEL O\u00cdDO MEDIO?<span class=\"ez-toc-section-end\"><\/span><\/h2>\n<p>El t\u00edmpano se encuentra al final del canal auditivo externo y separa el o\u00eddo medio del o\u00eddo externo. Las ondas sonoras que viajan a lo largo del canal auditivo externo hacen vibrar el t\u00edmpano, y estas vibraciones se transmiten a trav\u00e9s de los huesos del martillo y el yunque, y posteriormente al estribo, permitiendo la transferencia del sonido al o\u00eddo interno. El o\u00eddo medio tambi\u00e9n incluye la trompa de Eustaquio, que conecta con la nasofaringe y permite igualar la presi\u00f3n del o\u00eddo medio con la presi\u00f3n ambiental externa, y las c\u00e9lulas de aire mastoideas ubicadas en el hueso mastoides, que est\u00e1n conectadas al o\u00eddo medio.<\/p>\n<h2><span class=\"ez-toc-section\" id=\"%C2%BFCUALES_SON_LOS_TIPOS_DE_INFECCIONES_CRONICAS_DEL_OIDO_MEDIO\"><\/span>\u00bfCU\u00c1LES SON LOS TIPOS DE INFECCIONES CR\u00d3NICAS DEL O\u00cdDO MEDIO?<span class=\"ez-toc-section-end\"><\/span><\/h2>\n<p>Existen varios tipos de infecciones cr\u00f3nicas del o\u00eddo medio. En la pr\u00e1ctica, se encuentran principalmente dos cuadros cl\u00ednicos frecuentes.<\/p>\n<h3><span class=\"ez-toc-section\" id=\"1_Perforaciones_del_Timpano_Debidas_a_Infecciones_Agudas_Traumatismos_o_Cirugias\"><\/span>1. Perforaciones del T\u00edmpano Debidas a Infecciones Agudas, Traumatismos o Cirug\u00edas<span class=\"ez-toc-section-end\"><\/span><\/h3>\n<p>Las perforaciones del t\u00edmpano que ocurren debido a infecciones agudas del o\u00eddo medio, traumatismos o cirug\u00edas otol\u00f3gicas son las enfermedades cr\u00f3nicas del o\u00eddo medio m\u00e1s comunes. Estas perforaciones no cierran de manera espont\u00e1nea ni con intervenciones simples. A trav\u00e9s de estas perforaciones, puede filtrarse agua hacia el o\u00eddo medio o llegar infecciones desde los senos paranasales, la nariz o las adenoides a trav\u00e9s de la trompa de Eustaquio, lo que provoca la formaci\u00f3n de secreciones purulentas intermitentes en el o\u00eddo. Las infecciones recurrentes asociadas con estas perforaciones pueden llevar a una p\u00e9rdida auditiva progresiva con el tiempo. Este grupo de enfermedades es m\u00e1s frecuentemente observado en cl\u00ednicas y su tratamiento es relativamente m\u00e1s sencillo, con resultados funcionales generalmente m\u00e1s exitosos.<\/p>\n<h3><span class=\"ez-toc-section\" id=\"2_Otitis_Media_Cronica_con_Colesteatoma\"><\/span>2. Otitis Media Cr\u00f3nica con Colesteatoma<span class=\"ez-toc-section-end\"><\/span><\/h3>\n<p>La segunda enfermedad cr\u00f3nica del o\u00eddo medio importante se observa generalmente cuando la funci\u00f3n de la trompa de Eustaquio ha estado comprometida desde la infancia. La enfermedad comienza con una presi\u00f3n negativa en el o\u00eddo medio debido a una disfunci\u00f3n en la ventilaci\u00f3n, lo que provoca la retracci\u00f3n del t\u00edmpano hacia el o\u00eddo medio. Esta retracci\u00f3n y plegamiento del t\u00edmpano permiten que la piel del canal auditivo externo avance hacia el o\u00eddo medio y, con el tiempo, hacia el hueso mastoides, formando una masa inflamatoria conocida como colesteatoma. La masa de colesteatoma, que contiene c\u00e9lulas epiteliales desprendidas del canal auditivo y bacterias que proliferan en este ambiente, causa erosi\u00f3n \u00f3sea debido a la presi\u00f3n y la inflamaci\u00f3n, extendi\u00e9ndose a \u00f3rganos adyacentes y provocando complicaciones graves.<\/p>\n<p>Generalmente, existe una historia de p\u00e9rdida auditiva de larga duraci\u00f3n y empeoramiento, as\u00ed como secreciones auriculares intermitentes con mal olor. Los pacientes pueden acudir al hospital con p\u00e9rdida auditiva s\u00fabita, v\u00e9rtigo, par\u00e1lisis facial de origen otol\u00f3gico o con complicaciones graves como meningitis o abscesos cerebrales debido a la propagaci\u00f3n de la inflamaci\u00f3n hacia el interior del cr\u00e1neo.<\/p>\n<h3><span class=\"ez-toc-section\" id=\"Tratamiento_Quirurgico_de_la_Otitis_Media_Cronica_con_Colesteatoma\"><\/span>Tratamiento Quir\u00fargico de la Otitis Media Cr\u00f3nica con Colesteatoma<span class=\"ez-toc-section-end\"><\/span><\/h3>\n<p>En el tratamiento quir\u00fargico de las otitis medias cr\u00f3nicas con colesteatoma, el objetivo principal es prevenir la inflamaci\u00f3n. En estos pacientes, los resultados en la funci\u00f3n auditiva generalmente no son tan satisfactorios como en el primer grupo de enfermedades cr\u00f3nicas del o\u00eddo medio. La cirug\u00eda busca eliminar el colesteatoma y restaurar la ventilaci\u00f3n adecuada del o\u00eddo medio para prevenir complicaciones adicionales y estabilizar la p\u00e9rdida auditiva.<\/p>\n","protected":false},"excerpt":{"rendered":"<p>\u00bfQU\u00c9 ES LA INFECCI\u00d3N DEL O\u00cdDO MEDIO? El t\u00edmpano se encuentra al final del canal auditivo externo y separa el o\u00eddo medio del o\u00eddo externo. Las ondas sonoras que viajan a lo largo del canal auditivo externo hacen vibrar el t\u00edmpano, y estas vibraciones se transmiten a trav\u00e9s de los huesos del martillo y el [&hellip;]<\/p>\n","protected":false},"author":1,"featured_media":512,"comment_status":"open","ping_status":"open","sticky":false,"template":"","format":"standard","meta":{"footnotes":""},"categories":[7],"tags":[],"class_list":["post-377","post","type-post","status-publish","format-standard","has-post-thumbnail","hentry","category-blog"],"_links":{"self":[{"href":"https:\/\/drsabancelebi.com\/es\/wp-json\/wp\/v2\/posts\/377","targetHints":{"allow":["GET"]}}],"collection":[{"href":"https:\/\/drsabancelebi.com\/es\/wp-json\/wp\/v2\/posts"}],"about":[{"href":"https:\/\/drsabancelebi.com\/es\/wp-json\/wp\/v2\/types\/post"}],"author":[{"embeddable":true,"href":"https:\/\/drsabancelebi.com\/es\/wp-json\/wp\/v2\/users\/1"}],"replies":[{"embeddable":true,"href":"https:\/\/drsabancelebi.com\/es\/wp-json\/wp\/v2\/comments?post=377"}],"version-history":[{"count":2,"href":"https:\/\/drsabancelebi.com\/es\/wp-json\/wp\/v2\/posts\/377\/revisions"}],"predecessor-version":[{"id":455,"href":"https:\/\/drsabancelebi.com\/es\/wp-json\/wp\/v2\/posts\/377\/revisions\/455"}],"wp:featuredmedia":[{"embeddable":true,"href":"https:\/\/drsabancelebi.com\/es\/wp-json\/wp\/v2\/media\/512"}],"wp:attachment":[{"href":"https:\/\/drsabancelebi.com\/es\/wp-json\/wp\/v2\/media?parent=377"}],"wp:term":[{"taxonomy":"category","embeddable":true,"href":"https:\/\/drsabancelebi.com\/es\/wp-json\/wp\/v2\/categories?post=377"},{"taxonomy":"post_tag","embeddable":true,"href":"https:\/\/drsabancelebi.com\/es\/wp-json\/wp\/v2\/tags?post=377"}],"curies":[{"name":"wp","href":"https:\/\/api.w.org\/{rel}","templated":true}]}}