{"id":371,"date":"2024-12-30T17:30:06","date_gmt":"2024-12-30T14:30:06","guid":{"rendered":"https:\/\/drsabancelebi.com\/?p=371"},"modified":"2026-02-04T15:55:13","modified_gmt":"2026-02-04T12:55:13","slug":"infecciones-del-oido-medio-aguda","status":"publish","type":"post","link":"https:\/\/drsabancelebi.com\/es\/infecciones-del-oido-medio-aguda\/","title":{"rendered":"Infecciones del o\u00eddo medio (aguda)"},"content":{"rendered":"<div id=\"ez-toc-container\" class=\"ez-toc-v2_0_73 counter-flat ez-toc-counter ez-toc-grey ez-toc-container-direction\">\n<div class=\"ez-toc-title-container\">\n<p class=\"ez-toc-title\" style=\"cursor:inherit\">Tabla de Contenido<\/p>\n<span class=\"ez-toc-title-toggle\"><\/span><\/div>\n<nav><ul class='ez-toc-list ez-toc-list-level-1 ' ><li class='ez-toc-page-1'><a class=\"ez-toc-link ez-toc-heading-1\" href=\"#\" data-href=\"https:\/\/drsabancelebi.com\/es\/infecciones-del-oido-medio-aguda\/#OIDO_MEDIO\" title=\"O\u00cdDO MEDIO\">O\u00cdDO MEDIO<\/a><\/li><li class='ez-toc-page-1'><a class=\"ez-toc-link ez-toc-heading-2\" href=\"#\" data-href=\"https:\/\/drsabancelebi.com\/es\/infecciones-del-oido-medio-aguda\/#AUDICION_NORMAL\" title=\"AUDICI\u00d3N NORMAL\">AUDICI\u00d3N NORMAL<\/a><\/li><li class='ez-toc-page-1'><a class=\"ez-toc-link ez-toc-heading-3\" href=\"#\" data-href=\"https:\/\/drsabancelebi.com\/es\/infecciones-del-oido-medio-aguda\/#%C2%BFQUE_ES_LA_INFECCION_DEL_OIDO_MEDIO\" title=\"\u00bfQU\u00c9 ES LA INFECCI\u00d3N DEL O\u00cdDO MEDIO?\">\u00bfQU\u00c9 ES LA INFECCI\u00d3N DEL O\u00cdDO MEDIO?<\/a><\/li><li class='ez-toc-page-1'><a class=\"ez-toc-link ez-toc-heading-4\" href=\"#\" data-href=\"https:\/\/drsabancelebi.com\/es\/infecciones-del-oido-medio-aguda\/#Otitis_Media_Serosa_Otitis_Media_Serosa_Otitis_Media_con_Efluencia\" title=\"Otitis Media Serosa (Otitis Media Serosa, Otitis Media con Efluencia)\">Otitis Media Serosa (Otitis Media Serosa, Otitis Media con Efluencia)<\/a><\/li><li class='ez-toc-page-1'><a class=\"ez-toc-link ez-toc-heading-5\" href=\"#\" data-href=\"https:\/\/drsabancelebi.com\/es\/infecciones-del-oido-medio-aguda\/#CAUSAS_DE_LA_OTITIS_SEROSA\" title=\"CAUSAS DE LA OTITIS SEROSA\">CAUSAS DE LA OTITIS SEROSA<\/a><\/li><li class='ez-toc-page-1'><a class=\"ez-toc-link ez-toc-heading-6\" href=\"#\" data-href=\"https:\/\/drsabancelebi.com\/es\/infecciones-del-oido-medio-aguda\/#Tratamiento\" title=\"Tratamiento\">Tratamiento<\/a><\/li><li class='ez-toc-page-1'><a class=\"ez-toc-link ez-toc-heading-7\" href=\"#\" data-href=\"https:\/\/drsabancelebi.com\/es\/infecciones-del-oido-medio-aguda\/#Tratamiento_Quirurgico\" title=\"Tratamiento Quir\u00fargico\">Tratamiento Quir\u00fargico<\/a><\/li><li class='ez-toc-page-1'><a class=\"ez-toc-link ez-toc-heading-8\" href=\"#\" data-href=\"https:\/\/drsabancelebi.com\/es\/infecciones-del-oido-medio-aguda\/#Otitis_Media_Aguda_Akut_Otitis_Media\" title=\"Otitis Media Aguda (Akut Otitis Media)\">Otitis Media Aguda (Akut Otitis Media)<\/a><\/li><li class='ez-toc-page-1'><a class=\"ez-toc-link ez-toc-heading-9\" href=\"#\" data-href=\"https:\/\/drsabancelebi.com\/es\/infecciones-del-oido-medio-aguda\/#CAUSAS_DE_LA_OTITIS_MEDIA_AGUDA\" title=\"CAUSAS DE LA OTITIS MEDIA AGUDA\">CAUSAS DE LA OTITIS MEDIA AGUDA<\/a><\/li><li class='ez-toc-page-1'><a class=\"ez-toc-link ez-toc-heading-10\" href=\"#\" data-href=\"https:\/\/drsabancelebi.com\/es\/infecciones-del-oido-medio-aguda\/#DIAGNOSTICO_DE_LA_ENFERMEDAD\" title=\"DIAGN\u00d3STICO DE LA ENFERMEDAD\">DIAGN\u00d3STICO DE LA ENFERMEDAD<\/a><\/li><li class='ez-toc-page-1'><a class=\"ez-toc-link ez-toc-heading-11\" href=\"#\" data-href=\"https:\/\/drsabancelebi.com\/es\/infecciones-del-oido-medio-aguda\/#HALLAZGOS_EN_EL_EXAMEN_FISICO\" title=\"HALLAZGOS EN EL EXAMEN F\u00cdSICO\">HALLAZGOS EN EL EXAMEN F\u00cdSICO<\/a><\/li><li class='ez-toc-page-1'><a class=\"ez-toc-link ez-toc-heading-12\" href=\"#\" data-href=\"https:\/\/drsabancelebi.com\/es\/infecciones-del-oido-medio-aguda\/#TRATAMIENTO\" title=\"TRATAMIENTO\">TRATAMIENTO<\/a><\/li><li class='ez-toc-page-1'><a class=\"ez-toc-link ez-toc-heading-13\" href=\"#\" data-href=\"https:\/\/drsabancelebi.com\/es\/infecciones-del-oido-medio-aguda\/#Tratamiento_Quirurgico-2\" title=\"Tratamiento Quir\u00fargico\">Tratamiento Quir\u00fargico<\/a><\/li><\/ul><\/nav><\/div>\n<h2><span class=\"ez-toc-section\" id=\"OIDO_MEDIO\"><\/span>O\u00cdDO MEDIO<span class=\"ez-toc-section-end\"><\/span><\/h2>\n<p>El o\u00eddo medio es un espacio ubicado detr\u00e1s del t\u00edmpano (Figura 1). La presi\u00f3n dentro de \u00e9l tiende a ser negativa debido a la absorci\u00f3n del aire por la mucosa del o\u00eddo medio. Durante la degluci\u00f3n, la presi\u00f3n en el o\u00eddo medio se iguala con la presi\u00f3n ambiental a trav\u00e9s de la trompa de Eustaquio. Cuando las presiones en ambos lados del t\u00edmpano se igualan, el t\u00edmpano se vuelve completamente flexible, permitiendo la mejor transmisi\u00f3n del sonido. Sin embargo, si la presi\u00f3n en el o\u00eddo medio disminuye, comienzan a surgir problemas en la transmisi\u00f3n del sonido. Esta situaci\u00f3n generalmente ocurre debido a una disfunci\u00f3n en la trompa de Eustaquio, que conecta el o\u00eddo medio con la nasofaringe. Esta trompa controla la presi\u00f3n en el o\u00eddo medio y facilita el drenaje de las secreciones de la mucosa del o\u00eddo medio. En ni\u00f1os peque\u00f1os, la trompa de Eustaquio es corta y recta, pero a partir de los siete a\u00f1os adquiere una anatom\u00eda que le permite funcionar plenamente.<\/p>\n<h2><span class=\"ez-toc-section\" id=\"AUDICION_NORMAL\"><\/span>AUDICI\u00d3N NORMAL<span class=\"ez-toc-section-end\"><\/span><\/h2>\n<p>Para una audici\u00f3n normal, las estructuras del o\u00eddo medio y el t\u00edmpano deben transmitir los sonidos desde el canal auditivo externo hasta el o\u00eddo interno. Las ondas sonoras que llegan desde el exterior atraviesan el canal auditivo externo y golpean el t\u00edmpano, que es una estructura el\u00e1stica. Esta vibraci\u00f3n se transmite a los peque\u00f1os huesos del o\u00eddo medio llamados martillo, yunque y estribo. De esta manera, las vibraciones llegan al o\u00eddo interno, donde se convierten en se\u00f1ales el\u00e9ctricas en las c\u00e9lulas nerviosas y se transmiten a trav\u00e9s de las v\u00edas nerviosas a los centros auditivos del cerebro, permitiendo la audici\u00f3n.<\/p>\n<h2><span class=\"ez-toc-section\" id=\"%C2%BFQUE_ES_LA_INFECCION_DEL_OIDO_MEDIO\"><\/span>\u00bfQU\u00c9 ES LA INFECCI\u00d3N DEL O\u00cdDO MEDIO?<span class=\"ez-toc-section-end\"><\/span><\/h2>\n<p>Las infecciones del o\u00eddo medio son inflamaciones que ocurren en el espacio del o\u00eddo medio ubicado detr\u00e1s del t\u00edmpano. Su causa generalmente son virus o bacterias. Con frecuencia, ocurren despu\u00e9s de un resfriado reciente o un problema al\u00e9rgico que altera la funci\u00f3n de la trompa de Eustaquio, que permite la ventilaci\u00f3n del o\u00eddo medio. Puede afectar a uno o ambos o\u00eddos simult\u00e1neamente. En ni\u00f1os peque\u00f1os, debido a que la trompa de Eustaquio no ha completado su desarrollo anat\u00f3mico, las diferencias en la funci\u00f3n y anatom\u00eda de la trompa de Eustaquio aumentan la incidencia de infecciones del o\u00eddo medio. Especialmente;<\/p>\n<ul>\n<li>En ni\u00f1os menores de cinco a\u00f1os,<\/li>\n<li>En hombres,<\/li>\n<li>En beb\u00e9s alimentados con biber\u00f3n,<\/li>\n<li>En ni\u00f1os que asisten a guarder\u00eda,<\/li>\n<li>En ni\u00f1os que se encuentran en ambientes mal ventilados y expuestos al humo del cigarrillo, las infecciones del o\u00eddo medio son m\u00e1s frecuentes.<\/li>\n<li>Las infecciones del o\u00eddo medio tambi\u00e9n se observan con menor frecuencia en adolescentes y adultos. Las inflamaciones m\u00e1s comunes del o\u00eddo medio en ni\u00f1os son la otitis media serosa \/ con efusi\u00f3n y la otitis media aguda.<\/li>\n<\/ul>\n<h3><span class=\"ez-toc-section\" id=\"Otitis_Media_Serosa_Otitis_Media_Serosa_Otitis_Media_con_Efluencia\"><\/span>Otitis Media Serosa (Otitis Media Serosa, Otitis Media con Efluencia)<span class=\"ez-toc-section-end\"><\/span><\/h3>\n<p>Normalmente, la funci\u00f3n de la trompa de Eustaquio, que se abre brevemente con cada degluci\u00f3n para ajustar la presi\u00f3n en el o\u00eddo medio, se altera debido a infecciones virales, reacciones al\u00e9rgicas y otras causas, siendo la causa m\u00e1s importante. Como resultado, el o\u00eddo medio no se ventila correctamente, se acumulan secreciones y el aire es absorbido por los tejidos, creando una presi\u00f3n negativa que atrae l\u00edquido de los tejidos, llenando el o\u00eddo medio con l\u00edquido (otitis serosa). Con la presi\u00f3n negativa prolongada, el moco de la mucosa se espesa, dando lugar a un cuadro m\u00e1s cr\u00f3nico conocido como otitis media secretora. El t\u00edmpano no puede vibrar adecuadamente debido a este l\u00edquido, lo que causa p\u00e9rdida auditiva en el ni\u00f1o. Esta p\u00e9rdida auditiva leve provoca varios cambios en el comportamiento del ni\u00f1o: si el problema se croniciza, puede retrasar el desarrollo mental y el inicio del habla en el ni\u00f1o. Los principales signos observados en ni\u00f1os con p\u00e9rdida auditiva son los siguientes;<\/p>\n<ul>\n<li>El ni\u00f1o sube demasiado el volumen del televisor o se sienta muy cerca de \u00e9l.<\/li>\n<li>No responde inmediatamente o no presta atenci\u00f3n a lo que se le dice debido a que no escucha bien.<\/li>\n<li>El inter\u00e9s en lo que dice el maestro en la escuela disminuye y el ni\u00f1o comienza a tener dificultades acad\u00e9micas. En ni\u00f1os perezosos en la escuela, se debe investigar la presencia de l\u00edquido en el o\u00eddo medio y p\u00e9rdida auditiva.<\/li>\n<li>Pueden ocurrir trastornos del habla, especialmente relacionados con la mala percepci\u00f3n de consonantes como \u00abs\u00bb y \u00abz\u00bb.<\/li>\n<\/ul>\n<h2><span class=\"ez-toc-section\" id=\"CAUSAS_DE_LA_OTITIS_SEROSA\"><\/span>CAUSAS DE LA OTITIS SEROSA<span class=\"ez-toc-section-end\"><\/span><\/h2>\n<p>La otitis serosa es una enfermedad silenciosa que generalmente no presenta quejas evidentes como fiebre, v\u00f3mitos o dolor. El diagn\u00f3stico suele realizarse durante ex\u00e1menes realizados por quejas relacionadas con las adenoides o al sospecharse p\u00e9rdida auditiva en el examen f\u00edsico.<\/p>\n<p>El t\u00edmpano se ha engrosado, endurecido y ha aumentado la vascularizaci\u00f3n. Dependiendo de la duraci\u00f3n del problema, puede haber retracci\u00f3n del t\u00edmpano, adherencias hacia las estructuras del o\u00eddo medio y cambios de color oscuros. La otitis serosa frecuentemente afecta ambos o\u00eddos. En otitis serosa unilateral, puede no detectarse p\u00e9rdida auditiva. En estos casos, se pueden observar s\u00edntomas como desequilibrio, dificultades en actividades deportivas y dificultades al caminar debido a la afectaci\u00f3n del centro de equilibrio. Como prueba auxiliar para el diagn\u00f3stico, se realizan la medici\u00f3n de la presi\u00f3n en el o\u00eddo medio, la evaluaci\u00f3n de los reflejos auditivos y pruebas de audici\u00f3n en ni\u00f1os que pueden adaptarse. La p\u00e9rdida auditiva es de tipo de conducci\u00f3n. Rara vez, en la otitis serosa, puede desarrollarse una p\u00e9rdida nerviosa debido a las sustancias secretadas por los microorganismos en el o\u00eddo medio.<\/p>\n<h3><span class=\"ez-toc-section\" id=\"Tratamiento\"><\/span>Tratamiento<span class=\"ez-toc-section-end\"><\/span><\/h3>\n<p>Inicialmente, se aplica tratamiento con antibi\u00f3ticos. Pueden usarse medicamentos que reducen la hinchaz\u00f3n de la mucosa y adelgazan el moco. En pacientes con diagn\u00f3stico de alergia, se debe a\u00f1adir tratamiento antial\u00e9rgico. Actividades como masticar chicle e inflar globos pueden ayudar a la funci\u00f3n de la trompa de Eustaquio.<\/p>\n<p>Especialmente en ni\u00f1os con otitis serosa acompa\u00f1ada de frecuentes episodios agudos de otitis y en ni\u00f1os que asisten a guarder\u00eda, puede ser adecuado no enviarlos a este entorno durante aproximadamente un mes. En ni\u00f1os alimentados con biber\u00f3n, se recomienda que la alimentaci\u00f3n se realice en una posici\u00f3n semisentada.<\/p>\n<p>Considerando que la enfermedad se observa con mayor frecuencia durante los meses de oto\u00f1o e invierno debido al aumento de infecciones virales, se pueden realizar ajustes en la planificaci\u00f3n del tratamiento. La probabilidad de \u00e9xito del tratamiento m\u00e9dico aumenta antes de la temporada de verano, mientras que en invierno esta probabilidad disminuye.<\/p>\n<p>Si los tratamientos aplicados durante seis a ocho semanas no tienen \u00e9xito y hay una p\u00e9rdida auditiva superior a 20-25 dB, se prefiere el tratamiento quir\u00fargico. Si el t\u00edmpano est\u00e1 retra\u00eddo, colapsado o con engrosamiento, si ha ocurrido una p\u00e9rdida nerviosa o si ha comenzado un trastorno del equilibrio, se puede elegir directamente el tratamiento quir\u00fargico.<\/p>\n<h3><span class=\"ez-toc-section\" id=\"Tratamiento_Quirurgico\"><\/span>Tratamiento Quir\u00fargico<span class=\"ez-toc-section-end\"><\/span><\/h3>\n<p>En el tratamiento quir\u00fargico, se inserta un tubo de ventilaci\u00f3n en el t\u00edmpano, lo que restaura inmediatamente la p\u00e9rdida auditiva. Adem\u00e1s, si hay adenoides y am\u00edgdalas presentes, se pueden extirpar. El tubo de ventilaci\u00f3n se coloca en los ni\u00f1os bajo anestesia general, generalmente permanece en el t\u00edmpano durante 6-12 meses y luego se cae por s\u00ed solo o es extra\u00eddo por el m\u00e9dico. Con estos tratamientos, la mayor\u00eda de los pacientes se curan por completo. Rara vez, puede ser necesario realizar aplicaciones repetidas de tubos o implantar tubos permanentes (tubo T). Especialmente en ni\u00f1os con quejas recurrentes de otitis serosa, se debe evaluar la alergia y las funciones del sistema inmunol\u00f3gico.<\/p>\n<p>Se recomienda a los pacientes con tubos de ventilaci\u00f3n que asistan a controles 3 y 10 d\u00edas despu\u00e9s de la intervenci\u00f3n y que se protejan del agua. Los tubos de ventilaci\u00f3n igualan la diferencia de presi\u00f3n entre el o\u00eddo medio y el conducto auditivo externo a trav\u00e9s de peque\u00f1os orificios. Por lo tanto, una peque\u00f1a acumulaci\u00f3n de cerumen puede bloquear el orificio del tubo, impidiendo su funcionamiento. Es obligatorio que los tubos sean evaluados mensualmente por especialistas en Otorrinolaringolog\u00eda y que se realicen pruebas de audiometr\u00eda para evaluar la audici\u00f3n mientras los tubos permanecen insertados.<\/p>\n<h3><span class=\"ez-toc-section\" id=\"Otitis_Media_Aguda_Akut_Otitis_Media\"><\/span>Otitis Media Aguda (Akut Otitis Media)<span class=\"ez-toc-section-end\"><\/span><\/h3>\n<p>Las otitis medias agudas generalmente son causadas por una bacteria o un virus. En los ni\u00f1os, estos agentes se trasladan f\u00e1cilmente al o\u00eddo medio a trav\u00e9s del conducto de Eustaquio, que es corto en los primeros a\u00f1os de vida. Los microorganismos que llegan una vez al o\u00eddo medio se establecen y proliferan, lo que provoca la hinchaz\u00f3n de la mucosa que recubre el o\u00eddo medio y, debido al bloqueo del conducto de Eustaquio, se crea una presi\u00f3n negativa en el t\u00edmpano. Esto dificulta la transmisi\u00f3n del sonido y permite que las secreciones purulentas empujen el t\u00edmpano hacia afuera.<\/p>\n<p>En el examen f\u00edsico en las etapas tempranas, el t\u00edmpano puede estar rojo, hinchado o abultado (Figura 2). El o\u00eddo medio est\u00e1 inflamado. Cuando el t\u00edmpano se perfora debido a la inflamaci\u00f3n, el l\u00edquido inflamatorio del o\u00eddo medio se filtra hacia afuera, creando secreciones auriculares. En esta etapa, las quejas de fiebre y dolor disminuyen relativamente. Si no se realiza un tratamiento adecuado, la enfermedad puede progresar y resultar en complicaciones.<\/p>\n<p><strong>Figura 2.<\/strong> A la izquierda se muestra la apariencia normal del t\u00edmpano y a la derecha la apariencia del t\u00edmpano en una otitis media aguda.<\/p>\n<ul>\n<li>Disfunci\u00f3n de la trompa de Eustaquio<\/li>\n<li>Proliferaci\u00f3n de bacterias en el o\u00eddo medio<\/li>\n<li>Enfermedades de la nariz y los senos paranasales<\/li>\n<\/ul>\n<h3><span class=\"ez-toc-section\" id=\"CAUSAS_DE_LA_OTITIS_MEDIA_AGUDA\"><\/span>CAUSAS DE LA OTITIS MEDIA AGUDA<span class=\"ez-toc-section-end\"><\/span><\/h3>\n<ul>\n<li>Otras enfermedades de las v\u00edas respiratorias superiores<\/li>\n<li>Alergia<\/li>\n<li>Deficiencia en el sistema inmunol\u00f3gico<\/li>\n<li>Infecci\u00f3n que llega al o\u00eddo a trav\u00e9s del torrente sangu\u00edneo (rara vez)<\/li>\n<\/ul>\n<h3><span class=\"ez-toc-section\" id=\"DIAGNOSTICO_DE_LA_ENFERMEDAD\"><\/span>DIAGN\u00d3STICO DE LA ENFERMEDAD<span class=\"ez-toc-section-end\"><\/span><\/h3>\n<p>Es una inflamaci\u00f3n r\u00e1pida y progresiva. Se recomienda acudir inmediatamente a un especialista en otorrinolaringolog\u00eda cuando se presenten quejas como dolor de o\u00eddo, fiebre, v\u00f3mitos, p\u00e9rdida de apetito, sensaci\u00f3n de taponamiento, secreci\u00f3n o p\u00e9rdida auditiva, o en beb\u00e9s, tirones en los o\u00eddos. En tales casos, es importante diagnosticar la infecci\u00f3n y comenzar el tratamiento lo antes posible. Si se sospecha que hay un problema en el o\u00eddo de su hijo, se deben examinar ambos t\u00edmpanos y realizar las pruebas necesarias. El enfoque del tratamiento se planifica seg\u00fan los resultados de los ex\u00e1menes y pruebas y el estado general de salud de su hijo.<\/p>\n<h3><span class=\"ez-toc-section\" id=\"HALLAZGOS_EN_EL_EXAMEN_FISICO\"><\/span>HALLAZGOS EN EL EXAMEN F\u00cdSICO<span class=\"ez-toc-section-end\"><\/span><\/h3>\n<p>En ni\u00f1os con am\u00edgdalas grandes, la adenoides que se encuentra cerca de la abertura de la trompa de Eustaquio tambi\u00e9n suele ser grande, lo que afecta negativamente la funci\u00f3n de la trompa de Eustaquio. En algunos casos, los microorganismos que llegan desde el aire pueden quedar atrapados all\u00ed y ser transmitidos al o\u00eddo medio a trav\u00e9s de la trompa de Eustaquio. Las adenoides juegan un papel muy importante en las infecciones del o\u00eddo. Cuando se sospecha un problema en el o\u00eddo medio, se deben examinar los t\u00edmpanos, la nariz, la garganta y las adenoides. La evaluaci\u00f3n de las adenoides es especialmente importante en ni\u00f1os que frecuentemente padecen infecciones, tienen congesti\u00f3n nasal cr\u00f3nica, duermen con la boca abierta o tienen quejas de ronquidos.<\/p>\n<h3><span class=\"ez-toc-section\" id=\"TRATAMIENTO\"><\/span>TRATAMIENTO<span class=\"ez-toc-section-end\"><\/span><\/h3>\n<p>La mayor\u00eda de los ni\u00f1os experimentan al menos una infecci\u00f3n del o\u00eddo medio una vez antes de los dos a\u00f1os de edad. La frecuencia de las infecciones y la duraci\u00f3n de las infecciones activas juegan un papel en la determinaci\u00f3n del tratamiento. En el tratamiento de la otitis media aguda, se deben usar antibi\u00f3ticos durante al menos 10 d\u00edas. En la actualidad, con los antibi\u00f3ticos modernos, las complicaciones graves como par\u00e1lisis facial, p\u00e9rdida auditiva, infecciones intracraneales, meningitis y abscesos cerebrales, que sol\u00edan ocurrir debido a la propagaci\u00f3n de la inflamaci\u00f3n desde el o\u00eddo medio hacia \u00f3rganos adyacentes, son raras.<\/p>\n<p>El tratamiento incluye el uso de un antibi\u00f3tico adecuado junto con medicamentos para reducir la fiebre, aliviar el dolor y reducir la hinchaz\u00f3n de la mucosa, as\u00ed como medicamentos que adelgazan el moco. El proceso de recuperaci\u00f3n debe ser monitoreado. En muchos ni\u00f1os, el tratamiento con medicamentos y la eliminaci\u00f3n de los factores de riesgo son suficientes. Con el tratamiento con antibi\u00f3ticos, las quejas deben disminuir significativamente en las primeras 24-48 horas. Si el l\u00edquido en el o\u00eddo medio se drena y la audici\u00f3n se normaliza en la mayor\u00eda de los casos en 8-12 d\u00edas, pero a veces puede tardar hasta seis semanas. Si el l\u00edquido acumulado se vuelve cr\u00f3nico, puede requerirse un seguimiento a largo plazo o una intervenci\u00f3n quir\u00fargica. Los principales factores de riesgo para la cronicizaci\u00f3n del l\u00edquido en el o\u00eddo medio (otitis serosa, otitis media secretora) en ni\u00f1os son;<\/p>\n<ul>\n<li>Ambientes como guarder\u00edas o jardines de infantes, ambientes mal ventilados,<\/li>\n<li>Alegr\u00eda b\u00fanye (respuesta al\u00e9rgica),<\/li>\n<li>Exposici\u00f3n al humo del cigarrillo,<\/li>\n<li>Desarrollo de las adenoides,<\/li>\n<li>Frecuentes infecciones de las v\u00edas respiratorias superiores.<\/li>\n<\/ul>\n<h3><span class=\"ez-toc-section\" id=\"Tratamiento_Quirurgico-2\"><\/span>Tratamiento Quir\u00fargico<span class=\"ez-toc-section-end\"><\/span><\/h3>\n<p>En algunos casos, el tratamiento con medicamentos puede no ser suficiente para controlar los problemas del o\u00eddo medio. Si el l\u00edquido en el o\u00eddo medio no se resuelve con tratamientos sucesivos y est\u00e1 asociado con p\u00e9rdida auditiva y\/o retracci\u00f3n del t\u00edmpano, es necesario recurrir a m\u00e9todos quir\u00fargicos. En casos de otitis media aguda recurrente y secreciones auriculares persistentes, el m\u00e9todo quir\u00fargico m\u00e1s frecuente es la inserci\u00f3n de un tubo de ventilaci\u00f3n en el t\u00edmpano. Los tubos permanecen en el o\u00eddo del ni\u00f1o durante 6-12 meses y luego se caen por s\u00ed solos o son retirados antes de que pasen los 15 meses. Si los tubos no se caen despu\u00e9s de este tiempo, pueden necesitar ser retirados. Si, despu\u00e9s de que los tubos caen, los problemas en el o\u00eddo persisten, puede ser necesario volver a insertar un tubo.<\/p>\n<p>Durante la inserci\u00f3n del tubo, se eval\u00faan las adenoides y, si hay am\u00edgdalas grandes o recurrentes infecciones de am\u00edgdalas, estas tambi\u00e9n pueden ser extirpadas.<\/p>\n","protected":false},"excerpt":{"rendered":"<p>O\u00cdDO MEDIO El o\u00eddo medio es un espacio ubicado detr\u00e1s del t\u00edmpano (Figura 1). La presi\u00f3n dentro de \u00e9l tiende a ser negativa debido a la absorci\u00f3n del aire por la mucosa del o\u00eddo medio. Durante la degluci\u00f3n, la presi\u00f3n en el o\u00eddo medio se iguala con la presi\u00f3n ambiental a trav\u00e9s de la trompa [&hellip;]<\/p>\n","protected":false},"author":1,"featured_media":513,"comment_status":"open","ping_status":"open","sticky":false,"template":"","format":"standard","meta":{"footnotes":""},"categories":[7],"tags":[],"class_list":["post-371","post","type-post","status-publish","format-standard","has-post-thumbnail","hentry","category-blog"],"_links":{"self":[{"href":"https:\/\/drsabancelebi.com\/es\/wp-json\/wp\/v2\/posts\/371","targetHints":{"allow":["GET"]}}],"collection":[{"href":"https:\/\/drsabancelebi.com\/es\/wp-json\/wp\/v2\/posts"}],"about":[{"href":"https:\/\/drsabancelebi.com\/es\/wp-json\/wp\/v2\/types\/post"}],"author":[{"embeddable":true,"href":"https:\/\/drsabancelebi.com\/es\/wp-json\/wp\/v2\/users\/1"}],"replies":[{"embeddable":true,"href":"https:\/\/drsabancelebi.com\/es\/wp-json\/wp\/v2\/comments?post=371"}],"version-history":[{"count":2,"href":"https:\/\/drsabancelebi.com\/es\/wp-json\/wp\/v2\/posts\/371\/revisions"}],"predecessor-version":[{"id":457,"href":"https:\/\/drsabancelebi.com\/es\/wp-json\/wp\/v2\/posts\/371\/revisions\/457"}],"wp:featuredmedia":[{"embeddable":true,"href":"https:\/\/drsabancelebi.com\/es\/wp-json\/wp\/v2\/media\/513"}],"wp:attachment":[{"href":"https:\/\/drsabancelebi.com\/es\/wp-json\/wp\/v2\/media?parent=371"}],"wp:term":[{"taxonomy":"category","embeddable":true,"href":"https:\/\/drsabancelebi.com\/es\/wp-json\/wp\/v2\/categories?post=371"},{"taxonomy":"post_tag","embeddable":true,"href":"https:\/\/drsabancelebi.com\/es\/wp-json\/wp\/v2\/tags?post=371"}],"curies":[{"name":"wp","href":"https:\/\/api.w.org\/{rel}","templated":true}]}}