{"id":365,"date":"2024-12-30T17:29:05","date_gmt":"2024-12-30T14:29:05","guid":{"rendered":"https:\/\/drsabancelebi.com\/?p=365"},"modified":"2026-02-04T15:57:00","modified_gmt":"2026-02-04T12:57:00","slug":"preguntas-de-audio","status":"publish","type":"post","link":"https:\/\/drsabancelebi.com\/es\/preguntas-de-audio\/","title":{"rendered":"Preguntas de audio"},"content":{"rendered":"<div id=\"ez-toc-container\" class=\"ez-toc-v2_0_73 counter-flat ez-toc-counter ez-toc-grey ez-toc-container-direction\">\n<div class=\"ez-toc-title-container\">\n<p class=\"ez-toc-title\" style=\"cursor:inherit\">Tabla de Contenido<\/p>\n<span class=\"ez-toc-title-toggle\"><\/span><\/div>\n<nav><ul class='ez-toc-list ez-toc-list-level-1 ' ><li class='ez-toc-page-1'><a class=\"ez-toc-link ez-toc-heading-1\" href=\"#\" data-href=\"https:\/\/drsabancelebi.com\/es\/preguntas-de-audio\/#1_%C2%BFCuantos_tipos_de_trastornos_vocales_se_pueden_mencionar_en_general\" title=\"1. \u00bfCu\u00e1ntos tipos de trastornos vocales se pueden mencionar en general?\">1. \u00bfCu\u00e1ntos tipos de trastornos vocales se pueden mencionar en general?<\/a><\/li><li class='ez-toc-page-1'><a class=\"ez-toc-link ez-toc-heading-2\" href=\"#\" data-href=\"https:\/\/drsabancelebi.com\/es\/preguntas-de-audio\/#2_%C2%BFCuales_son_los_trastornos_vocales_mas_comunes\" title=\"2. \u00bfCu\u00e1les son los trastornos vocales m\u00e1s comunes?\">2. \u00bfCu\u00e1les son los trastornos vocales m\u00e1s comunes?<\/a><\/li><li class='ez-toc-page-1'><a class=\"ez-toc-link ez-toc-heading-3\" href=\"#\" data-href=\"https:\/\/drsabancelebi.com\/es\/preguntas-de-audio\/#3_%C2%BFCuales_son_las_causas_de_los_principales_trastornos_vocales\" title=\"3. \u00bfCu\u00e1les son las causas de los principales trastornos vocales?\">3. \u00bfCu\u00e1les son las causas de los principales trastornos vocales?<\/a><\/li><li class='ez-toc-page-1'><a class=\"ez-toc-link ez-toc-heading-4\" href=\"#\" data-href=\"https:\/\/drsabancelebi.com\/es\/preguntas-de-audio\/#4_%C2%BFQue_sintomas_presentan_los_trastornos_de_las_cuerdas_vocales\" title=\"4. \u00bfQu\u00e9 s\u00edntomas presentan los trastornos de las cuerdas vocales?\">4. \u00bfQu\u00e9 s\u00edntomas presentan los trastornos de las cuerdas vocales?<\/a><\/li><li class='ez-toc-page-1'><a class=\"ez-toc-link ez-toc-heading-5\" href=\"#\" data-href=\"https:\/\/drsabancelebi.com\/es\/preguntas-de-audio\/#5_%C2%BFCon_que_frecuencia_se_observa_la_ronquera_en_la_sociedad_y_es_un_problema_que_las_personas_no_toman_muy_en_serio_%C2%BFEstas_de_acuerdo\" title=\"5. \u00bfCon qu\u00e9 frecuencia se observa la ronquera en la sociedad y es un problema que las personas no toman muy en serio? \u00bfEst\u00e1s de acuerdo?\">5. \u00bfCon qu\u00e9 frecuencia se observa la ronquera en la sociedad y es un problema que las personas no toman muy en serio? \u00bfEst\u00e1s de acuerdo?<\/a><\/li><li class='ez-toc-page-1'><a class=\"ez-toc-link ez-toc-heading-6\" href=\"#\" data-href=\"https:\/\/drsabancelebi.com\/es\/preguntas-de-audio\/#6_%C2%BFCual_es_la_diferencia_entre_un_nodulo_y_un_polipo_en_las_cuerdas_vocales\" title=\"6. \u00bfCu\u00e1l es la diferencia entre un n\u00f3dulo y un p\u00f3lipo en las cuerdas vocales?\">6. \u00bfCu\u00e1l es la diferencia entre un n\u00f3dulo y un p\u00f3lipo en las cuerdas vocales?<\/a><\/li><li class='ez-toc-page-1'><a class=\"ez-toc-link ez-toc-heading-7\" href=\"#\" data-href=\"https:\/\/drsabancelebi.com\/es\/preguntas-de-audio\/#7_%C2%BFEs_cierto_que_la_formacion_de_quistes_en_las_cuerdas_vocales_puede_ser_congenita\" title=\"7. \u00bfEs cierto que la formaci\u00f3n de quistes en las cuerdas vocales puede ser cong\u00e9nita?\">7. \u00bfEs cierto que la formaci\u00f3n de quistes en las cuerdas vocales puede ser cong\u00e9nita?<\/a><\/li><li class='ez-toc-page-1'><a class=\"ez-toc-link ez-toc-heading-8\" href=\"#\" data-href=\"https:\/\/drsabancelebi.com\/es\/preguntas-de-audio\/#8_%C2%BFLos_trastornos_vocales_solo_se_observan_en_personas_que_usan_mucho_su_voz_como_cantantes_y_profesores_o_tambien_pueden_ocurrir_en_personas_que_no_usan_excesivamente_su_voz\" title=\"8. \u00bfLos trastornos vocales solo se observan en personas que usan mucho su voz, como cantantes y profesores, o tambi\u00e9n pueden ocurrir en personas que no usan excesivamente su voz?\">8. \u00bfLos trastornos vocales solo se observan en personas que usan mucho su voz, como cantantes y profesores, o tambi\u00e9n pueden ocurrir en personas que no usan excesivamente su voz?<\/a><\/li><li class='ez-toc-page-1'><a class=\"ez-toc-link ez-toc-heading-9\" href=\"#\" data-href=\"https:\/\/drsabancelebi.com\/es\/preguntas-de-audio\/#9_%C2%BFCuales_son_otras_causas_que_afectan_la_calidad_de_la_voz\" title=\"9. \u00bfCu\u00e1les son otras causas que afectan la calidad de la voz?\">9. \u00bfCu\u00e1les son otras causas que afectan la calidad de la voz?<\/a><\/li><li class='ez-toc-page-1'><a class=\"ez-toc-link ez-toc-heading-10\" href=\"#\" data-href=\"https:\/\/drsabancelebi.com\/es\/preguntas-de-audio\/#10_%C2%BFLos_trastornos_vocales_son_mas_frecuentes_en_mujeres_o_en_hombres\" title=\"10. \u00bfLos trastornos vocales son m\u00e1s frecuentes en mujeres o en hombres?\">10. \u00bfLos trastornos vocales son m\u00e1s frecuentes en mujeres o en hombres?<\/a><\/li><li class='ez-toc-page-1'><a class=\"ez-toc-link ez-toc-heading-11\" href=\"#\" data-href=\"https:\/\/drsabancelebi.com\/es\/preguntas-de-audio\/#11_Es_un_hecho_conocido_que_incluso_sin_una_enfermedad_la_voz_puede_deteriorarse_en_ciertos_periodos_similar_al_ciclo_menstrual_en_mujeres_%C2%BFQue_otros_factores_pueden_influir\" title=\"11. Es un hecho conocido que incluso sin una enfermedad, la voz puede deteriorarse en ciertos per\u00edodos (similar al ciclo menstrual en mujeres). \u00bfQu\u00e9 otros factores pueden influir?\">11. Es un hecho conocido que incluso sin una enfermedad, la voz puede deteriorarse en ciertos per\u00edodos (similar al ciclo menstrual en mujeres). \u00bfQu\u00e9 otros factores pueden influir?<\/a><\/li><li class='ez-toc-page-1'><a class=\"ez-toc-link ez-toc-heading-12\" href=\"#\" data-href=\"https:\/\/drsabancelebi.com\/es\/preguntas-de-audio\/#12_%C2%BFGeneralmente_se_recurre_a_intervenciones_quirurgicas_para_tratar_los_trastornos_vocales\" title=\"12. \u00bfGeneralmente se recurre a intervenciones quir\u00fargicas para tratar los trastornos vocales?\">12. \u00bfGeneralmente se recurre a intervenciones quir\u00fargicas para tratar los trastornos vocales?<\/a><\/li><li class='ez-toc-page-1'><a class=\"ez-toc-link ez-toc-heading-13\" href=\"#\" data-href=\"https:\/\/drsabancelebi.com\/es\/preguntas-de-audio\/#13_%C2%BFQue_debe_hacer_una_persona_para_cuidar_bien_su_voz\" title=\"13. \u00bfQu\u00e9 debe hacer una persona para cuidar bien su voz?\">13. \u00bfQu\u00e9 debe hacer una persona para cuidar bien su voz?<\/a><\/li><li class='ez-toc-page-1'><a class=\"ez-toc-link ez-toc-heading-14\" href=\"#\" data-href=\"https:\/\/drsabancelebi.com\/es\/preguntas-de-audio\/#14_%C2%BFCuales_pueden_ser_las_consecuencias_de_no_tratar_los_trastornos_vocales\" title=\"14. \u00bfCu\u00e1les pueden ser las consecuencias de no tratar los trastornos vocales?\">14. \u00bfCu\u00e1les pueden ser las consecuencias de no tratar los trastornos vocales?<\/a><\/li><li class='ez-toc-page-1'><a class=\"ez-toc-link ez-toc-heading-15\" href=\"#\" data-href=\"https:\/\/drsabancelebi.com\/es\/preguntas-de-audio\/#15_%C2%BFPuedes_proporcionar_informacion_sobre_cirugias_para_engrosar_o_adelgazar_la_voz\" title=\"15. \u00bfPuedes proporcionar informaci\u00f3n sobre cirug\u00edas para engrosar o adelgazar la voz?\">15. \u00bfPuedes proporcionar informaci\u00f3n sobre cirug\u00edas para engrosar o adelgazar la voz?<\/a><\/li><li class='ez-toc-page-1'><a class=\"ez-toc-link ez-toc-heading-16\" href=\"#\" data-href=\"https:\/\/drsabancelebi.com\/es\/preguntas-de-audio\/#16_%C2%BFEs_necesario_que_los_profesionales_de_la_voz_como_los_artistas_controlen_periodicamente_sus_voces\" title=\"16. \u00bfEs necesario que los profesionales de la voz, como los artistas, controlen peri\u00f3dicamente sus voces?\">16. \u00bfEs necesario que los profesionales de la voz, como los artistas, controlen peri\u00f3dicamente sus voces?<\/a><\/li><li class='ez-toc-page-1'><a class=\"ez-toc-link ez-toc-heading-17\" href=\"#\" data-href=\"https:\/\/drsabancelebi.com\/es\/preguntas-de-audio\/#17_%C2%BFEs_posible_que_un_artista_recupere_una_voz_danada\" title=\"17. \u00bfEs posible que un artista recupere una voz da\u00f1ada?\">17. \u00bfEs posible que un artista recupere una voz da\u00f1ada?<\/a><\/li><\/ul><\/nav><\/div>\n<h2><span class=\"ez-toc-section\" id=\"1_%C2%BFCuantos_tipos_de_trastornos_vocales_se_pueden_mencionar_en_general\"><\/span>1. \u00bfCu\u00e1ntos tipos de trastornos vocales se pueden mencionar en general?<span class=\"ez-toc-section-end\"><\/span><\/h2>\n<p>Los trastornos vocales se pueden clasificar en dos categor\u00edas principales: org\u00e1nicos, es decir, estructurales, y funcionales, es decir, funcionales. Ejemplos de trastornos estructurales incluyen laringitis, quistes, p\u00f3lipos y par\u00e1lisis de las cuerdas vocales. En el tratamiento de estos trastornos se aplican principalmente medicamentos o intervenciones quir\u00fargicas. Las disfunciones funcionales tienen causas psicol\u00f3gicas y requieren consulta psiqui\u00e1trica o terapia vocal profesional.<\/p>\n<h2><span class=\"ez-toc-section\" id=\"2_%C2%BFCuales_son_los_trastornos_vocales_mas_comunes\"><\/span>2. \u00bfCu\u00e1les son los trastornos vocales m\u00e1s comunes?<span class=\"ez-toc-section-end\"><\/span><\/h2>\n<p>El trastorno vocal m\u00e1s com\u00fan es la laringitis, que generalmente acompa\u00f1a a resfriados y es inflamaci\u00f3n de la laringe. Por lo general, es de corta duraci\u00f3n y se resuelve en d\u00edas sin dejar secuelas ni problemas.<\/p>\n<h2><span class=\"ez-toc-section\" id=\"3_%C2%BFCuales_son_las_causas_de_los_principales_trastornos_vocales\"><\/span>3. \u00bfCu\u00e1les son las causas de los principales trastornos vocales?<span class=\"ez-toc-section-end\"><\/span><\/h2>\n<p>La causa m\u00e1s frecuente de los trastornos vocales de larga duraci\u00f3n es el uso excesivo e inadecuado de las cuerdas vocales. Durante la laringitis, el esfuerzo en las cuerdas vocales puede llevar a la formaci\u00f3n f\u00e1cil de p\u00f3lipos y quistes. Incluso sin inflamaci\u00f3n, el uso prolongado y excesivo de las cuerdas vocales puede causar n\u00f3dulos.<\/p>\n<h2><span class=\"ez-toc-section\" id=\"4_%C2%BFQue_sintomas_presentan_los_trastornos_de_las_cuerdas_vocales\"><\/span>4. \u00bfQu\u00e9 s\u00edntomas presentan los trastornos de las cuerdas vocales?<span class=\"ez-toc-section-end\"><\/span><\/h2>\n<p>Por ejemplo, \u00bfhay una diferencia en el tono de la voz? \u00bfQu\u00e9 problemas debe sospechar una persona? La caracter\u00edstica m\u00e1s destacada de los trastornos vocales es la alteraci\u00f3n en la calidad y el rendimiento de la voz. Los pacientes suelen quejarse de bifurcaci\u00f3n de la voz, engrosamiento, voz ronca, incapacidad para hablar tan largo como antes o para cantar. Adem\u00e1s, pueden presentarse sensaciones de nudos en la garganta, ardor en la garganta, necesidad frecuente de aclarar la garganta, tos seca persistente y otros s\u00edntomas no directamente relacionados con la voz, que pueden acompa\u00f1ar a los trastornos vocales de larga duraci\u00f3n e incluso ser la raz\u00f3n principal por la que el paciente consulta al m\u00e9dico.<\/p>\n<h2><span class=\"ez-toc-section\" id=\"5_%C2%BFCon_que_frecuencia_se_observa_la_ronquera_en_la_sociedad_y_es_un_problema_que_las_personas_no_toman_muy_en_serio_%C2%BFEstas_de_acuerdo\"><\/span>5. \u00bfCon qu\u00e9 frecuencia se observa la ronquera en la sociedad y es un problema que las personas no toman muy en serio? \u00bfEst\u00e1s de acuerdo?<span class=\"ez-toc-section-end\"><\/span><\/h2>\n<p>La ronquera afecta aproximadamente al 5% de la poblaci\u00f3n. Del total de personas con ronquera, el 16% son profesores y el 5% son artistas. Las personas con ronquera tienden a no prestar mucha atenci\u00f3n a sus problemas vocales a menos que interfieran con su vida profesional o deterioren su calidad de vida. Adem\u00e1s, la falta de conocimiento y las preocupaciones sobre los tratamientos para los trastornos vocales hacen que las personas tiendan a ser descuidadas al respecto.<\/p>\n<h2><span class=\"ez-toc-section\" id=\"6_%C2%BFCual_es_la_diferencia_entre_un_nodulo_y_un_polipo_en_las_cuerdas_vocales\"><\/span>6. \u00bfCu\u00e1l es la diferencia entre un n\u00f3dulo y un p\u00f3lipo en las cuerdas vocales?<span class=\"ez-toc-section-end\"><\/span><\/h2>\n<p>Los n\u00f3dulos en las cuerdas vocales son engrosamientos causados por el uso prolongado e inadecuado de la voz, similares a callos en las cuerdas vocales. Se observan con mayor frecuencia en mujeres y en profesionales que usan mucho su voz, como profesores y cantantes. Los n\u00f3dulos pueden desaparecer con terapia vocal adecuada, pero en casos persistentes, se requiere una microcirug\u00eda endosc\u00f3pica para eliminarlos, seguida de terapia vocal para evitar recurrencias.<\/p>\n<p>Por otro lado, los p\u00f3lipos generalmente se manifiestan como ronquera persistente despu\u00e9s de un resfriado y son engrosamientos mucosos unilaterales que resisten la terapia vocal. El tratamiento preferido es la microcirug\u00eda endosc\u00f3pica, y raramente es necesario realizar terapia vocal despu\u00e9s de la cirug\u00eda, ya que las recurrencias son infrecuentes.<\/p>\n<h2><span class=\"ez-toc-section\" id=\"7_%C2%BFEs_cierto_que_la_formacion_de_quistes_en_las_cuerdas_vocales_puede_ser_congenita\"><\/span>7. \u00bfEs cierto que la formaci\u00f3n de quistes en las cuerdas vocales puede ser cong\u00e9nita?<span class=\"ez-toc-section-end\"><\/span><\/h2>\n<p>Las formaciones qu\u00edsticas cong\u00e9nitas pueden ocurrir en cualquier parte de la laringe, pero los quistes en las cuerdas vocales generalmente se desarrollan posteriormente, usualmente debido a resfriados recurrentes. Para corregir los problemas vocales causados por quistes, se recomienda una microcirug\u00eda endosc\u00f3pica.<\/p>\n<h2><span class=\"ez-toc-section\" id=\"8_%C2%BFLos_trastornos_vocales_solo_se_observan_en_personas_que_usan_mucho_su_voz_como_cantantes_y_profesores_o_tambien_pueden_ocurrir_en_personas_que_no_usan_excesivamente_su_voz\"><\/span>8. \u00bfLos trastornos vocales solo se observan en personas que usan mucho su voz, como cantantes y profesores, o tambi\u00e9n pueden ocurrir en personas que no usan excesivamente su voz?<span class=\"ez-toc-section-end\"><\/span><\/h2>\n<p>Los trastornos vocales son m\u00e1s frecuentes en personas que usan intensamente su voz profesionalmente, como cantantes y profesores, y cuando ocurren, interfieren significativamente con su vida profesional. Sin embargo, tambi\u00e9n pueden ocurrir en personas que no usan intensamente su voz. Trastornos como p\u00f3lipos, quistes y laringitis cr\u00f3nica pueden presentarse en personas que no usan excesivamente su voz. Adem\u00e1s, el edema de Reinke se observa m\u00e1s frecuentemente en mujeres y el tabaquismo es un factor de riesgo importante.<\/p>\n<h2><span class=\"ez-toc-section\" id=\"9_%C2%BFCuales_son_otras_causas_que_afectan_la_calidad_de_la_voz\"><\/span>9. \u00bfCu\u00e1les son otras causas que afectan la calidad de la voz?<span class=\"ez-toc-section-end\"><\/span><\/h2>\n<p>El factor m\u00e1s importante que afecta la calidad de la voz es la integridad de las estructuras que participan en la producci\u00f3n vocal, como los pulmones, la laringe y las estructuras dentro de la boca. Problemas en estas estructuras pueden causar alteraciones en la voz y el habla. Adem\u00e1s, factores que causan irritaci\u00f3n o inflamaci\u00f3n de las cuerdas vocales tambi\u00e9n pueden deteriorar la calidad de la voz. Condiciones clim\u00e1ticas, la calidad del aire en el entorno de trabajo, y la exposici\u00f3n a productos qu\u00edmicos pueden irritar las cuerdas vocales. Recientemente, se ha reconocido que el reflujo gastroesof\u00e1gico tambi\u00e9n puede causar problemas en la laringe y la voz. El \u00e1cido del est\u00f3mago que llega a la laringe a trav\u00e9s del reflujo causa irritaci\u00f3n qu\u00edmica, haciendo que las cuerdas vocales sean m\u00e1s sensibles y pudiendo llevar a cambios cr\u00f3nicos en la laringe debido a la naturaleza persistente del reflujo. Las personas con trastornos vocales a menudo requieren pruebas y tratamientos espec\u00edficos para el reflujo.<\/p>\n<h2><span class=\"ez-toc-section\" id=\"10_%C2%BFLos_trastornos_vocales_son_mas_frecuentes_en_mujeres_o_en_hombres\"><\/span>10. \u00bfLos trastornos vocales son m\u00e1s frecuentes en mujeres o en hombres?<span class=\"ez-toc-section-end\"><\/span><\/h2>\n<p>Los trastornos vocales ocurren en ambos sexos, pero ciertos tipos son m\u00e1s comunes en uno u otro. Los n\u00f3dulos, el edema de Reinke y los trastornos vocales hiperfuncionales son m\u00e1s frecuentes en mujeres, mientras que los trastornos vocales hipofuncionales y los granulomas de contacto son t\u00edpicamente observados en hombres. Los quistes, p\u00f3lipos y la par\u00e1lisis de las cuerdas vocales se presentan en ambos sexos.<\/p>\n<h2><span class=\"ez-toc-section\" id=\"11_Es_un_hecho_conocido_que_incluso_sin_una_enfermedad_la_voz_puede_deteriorarse_en_ciertos_periodos_similar_al_ciclo_menstrual_en_mujeres_%C2%BFQue_otros_factores_pueden_influir\"><\/span>11. Es un hecho conocido que incluso sin una enfermedad, la voz puede deteriorarse en ciertos per\u00edodos (similar al ciclo menstrual en mujeres). \u00bfQu\u00e9 otros factores pueden influir?<span class=\"ez-toc-section-end\"><\/span><\/h2>\n<p>Una de las causas m\u00e1s importantes que afectan la formaci\u00f3n y calidad de la voz es la personalidad y el estado de \u00e1nimo. Emociones como la alegr\u00eda, la tristeza, el estr\u00e9s y la ansiedad pueden causar cambios en la voz en cuesti\u00f3n de segundos y tambi\u00e9n tener efectos a largo plazo en la voz. Adem\u00e1s, la salud general y la condici\u00f3n f\u00edsica de una persona tambi\u00e9n pueden influir en la voz.<\/p>\n<h2><span class=\"ez-toc-section\" id=\"12_%C2%BFGeneralmente_se_recurre_a_intervenciones_quirurgicas_para_tratar_los_trastornos_vocales\"><\/span>12. \u00bfGeneralmente se recurre a intervenciones quir\u00fargicas para tratar los trastornos vocales?<span class=\"ez-toc-section-end\"><\/span><\/h2>\n<p>El tratamiento y la terapia vocal se planifican seg\u00fan la causa del trastorno vocal. En casos de quistes, p\u00f3lipos o edema cr\u00f3nico de Reinke, la probabilidad de \u00e9xito con medicamentos o terapia vocal es baja, y se recomienda el tratamiento quir\u00fargico mediante m\u00e9todos microquir\u00fargicos endosc\u00f3picos, que son r\u00e1pidos y tienen una alta tasa de \u00e9xito. En los n\u00f3dulos y los trastornos vocales funcionales, se prioriza la terapia vocal. La terapia vocal incluye ejercicios para una respiraci\u00f3n correcta, t\u00e9cnicas de relajaci\u00f3n y ejercicios para fortalecer las cuerdas vocales. El \u00e9xito del tratamiento depende de la pr\u00e1ctica regular y la aplicaci\u00f3n de estos ejercicios en la vida diaria. En casos donde la terapia vocal no logra una mejora suficiente o hay par\u00e1lisis de las cuerdas vocales, se pueden considerar m\u00e9todos quir\u00fargicos.<\/p>\n<h2><span class=\"ez-toc-section\" id=\"13_%C2%BFQue_debe_hacer_una_persona_para_cuidar_bien_su_voz\"><\/span>13. \u00bfQu\u00e9 debe hacer una persona para cuidar bien su voz?<span class=\"ez-toc-section-end\"><\/span><\/h2>\n<p>Especialmente aquellos que usan intensamente su voz profesionalmente deben protegerla adecuadamente. No deben sobrecargar las cuerdas vocales (hablar en voz alta, en ambientes ruidosos), evitar gritar de una habitaci\u00f3n a otra, usar micr\u00f3fonos en presentaciones cuando sea posible, y evitar conversaciones prolongadas. Se deben evitar llamadas telef\u00f3nicas extensas y mantener la mand\u00edbula relajada para prevenir la tensi\u00f3n en los m\u00fasculos de la boca. Es importante evitar usar la voz durante resfriados y tensiones psicol\u00f3gicas. Los profesionales de la voz deben evitar el humo del tabaco, ya que causa sequedad e irritaci\u00f3n en las cuerdas vocales. Mantenerse bien hidratado y mantener una alta humedad en el ambiente es crucial para las cuerdas vocales. Al cantar, se debe calentar la voz antes de subir a notas altas o bajas. Si la ronquera persiste por m\u00e1s de dos semanas, se debe consultar a un especialista en otorrinolaringolog\u00eda para un diagn\u00f3stico y tratamiento adecuados.<\/p>\n<h2><span class=\"ez-toc-section\" id=\"14_%C2%BFCuales_pueden_ser_las_consecuencias_de_no_tratar_los_trastornos_vocales\"><\/span>14. \u00bfCu\u00e1les pueden ser las consecuencias de no tratar los trastornos vocales?<span class=\"ez-toc-section-end\"><\/span><\/h2>\n<p>Los trastornos vocales de corta duraci\u00f3n generalmente ocurren durante infecciones de las v\u00edas respiratorias superiores y, si se manejan adecuadamente, se curan sin dejar secuelas ni problemas. Sin embargo, los trastornos vocales de larga duraci\u00f3n, independientemente de la causa, crean un ciclo vicioso donde la gravedad del problema tiende a incrementarse, dificultando la vida profesional y personal del individuo. Esto puede llevar a dificultades e incluso imposibilidad de desempe\u00f1ar su profesi\u00f3n, as\u00ed como a restricciones en la vida personal. Si no se diagnostican, los trastornos vocales pueden pasar desapercibidos, lo que agrava a\u00fan m\u00e1s los problemas vocales.<\/p>\n<h2><span class=\"ez-toc-section\" id=\"15_%C2%BFPuedes_proporcionar_informacion_sobre_cirugias_para_engrosar_o_adelgazar_la_voz\"><\/span>15. \u00bfPuedes proporcionar informaci\u00f3n sobre cirug\u00edas para engrosar o adelgazar la voz?<span class=\"ez-toc-section-end\"><\/span><\/h2>\n<p>En casos de engrosamiento vocal debido a masas en las cuerdas vocales como el edema de Reinke, p\u00f3lipos o quistes, la microcirug\u00eda endosc\u00f3pica permite restaurar la calidad vocal a su tono normal con altas tasas de \u00e9xito. En hombres con voces agudas que persisten despu\u00e9s de la pubertad, la terapia vocal puede ayudar a devolver el tono de voz masculino normal. Fuera de estos casos, las cirug\u00edas para adelgazar o engrosar la voz son m\u00e1s complicadas y generalmente se realizan despu\u00e9s de una transici\u00f3n de g\u00e9nero para modificar el tono vocal. Adem\u00e1s de las intervenciones endosc\u00f3picas, tambi\u00e9n se pueden aplicar m\u00e9todos quir\u00fargicos tradicionales.<\/p>\n<h2><span class=\"ez-toc-section\" id=\"16_%C2%BFEs_necesario_que_los_profesionales_de_la_voz_como_los_artistas_controlen_periodicamente_sus_voces\"><\/span>16. \u00bfEs necesario que los profesionales de la voz, como los artistas, controlen peri\u00f3dicamente sus voces?<span class=\"ez-toc-section-end\"><\/span><\/h2>\n<p>Los artistas vocales deben mantener la condici\u00f3n de sus cuerdas vocales al igual que los atletas profesionales mantienen su condici\u00f3n f\u00edsica. Esto incluye adherirse estrictamente a las reglas de higiene vocal, realizar ejercicios vocales diarios y evitar situaciones que puedan da\u00f1ar las cuerdas vocales. Adem\u00e1s, en cuanto surgen problemas, deben consultar inmediatamente a un especialista en otorrinolaringolog\u00eda para evaluar tanto las cuerdas vocales como la audici\u00f3n.<\/p>\n<h2><span class=\"ez-toc-section\" id=\"17_%C2%BFEs_posible_que_un_artista_recupere_una_voz_danada\"><\/span>17. \u00bfEs posible que un artista recupere una voz da\u00f1ada?<span class=\"ez-toc-section-end\"><\/span><\/h2>\n<p>Si los problemas en las cuerdas vocales son causados por n\u00f3dulos, p\u00f3lipos o quistes, la cirug\u00eda puede restaurar la voz a su estado original. Los artistas vocales a menudo tambi\u00e9n necesitan terapia vocal e incluso apoyo psicol\u00f3gico en algunos casos. Los trastornos vocales cr\u00f3nicos debido a laringitis requieren tratamientos intensivos y regulares para lograr mejoras significativas. Sin embargo, lo m\u00e1s importante es que los artistas vocales deben esforzarse por proteger sus voces para evitar desarrollar problemas vocales.<\/p>\n","protected":false},"excerpt":{"rendered":"<p>1. \u00bfCu\u00e1ntos tipos de trastornos vocales se pueden mencionar en general? Los trastornos vocales se pueden clasificar en dos categor\u00edas principales: org\u00e1nicos, es decir, estructurales, y funcionales, es decir, funcionales. Ejemplos de trastornos estructurales incluyen laringitis, quistes, p\u00f3lipos y par\u00e1lisis de las cuerdas vocales. En el tratamiento de estos trastornos se aplican principalmente medicamentos o [&hellip;]<\/p>\n","protected":false},"author":1,"featured_media":515,"comment_status":"open","ping_status":"open","sticky":false,"template":"","format":"standard","meta":{"footnotes":""},"categories":[7],"tags":[],"class_list":["post-365","post","type-post","status-publish","format-standard","has-post-thumbnail","hentry","category-blog"],"_links":{"self":[{"href":"https:\/\/drsabancelebi.com\/es\/wp-json\/wp\/v2\/posts\/365","targetHints":{"allow":["GET"]}}],"collection":[{"href":"https:\/\/drsabancelebi.com\/es\/wp-json\/wp\/v2\/posts"}],"about":[{"href":"https:\/\/drsabancelebi.com\/es\/wp-json\/wp\/v2\/types\/post"}],"author":[{"embeddable":true,"href":"https:\/\/drsabancelebi.com\/es\/wp-json\/wp\/v2\/users\/1"}],"replies":[{"embeddable":true,"href":"https:\/\/drsabancelebi.com\/es\/wp-json\/wp\/v2\/comments?post=365"}],"version-history":[{"count":3,"href":"https:\/\/drsabancelebi.com\/es\/wp-json\/wp\/v2\/posts\/365\/revisions"}],"predecessor-version":[{"id":460,"href":"https:\/\/drsabancelebi.com\/es\/wp-json\/wp\/v2\/posts\/365\/revisions\/460"}],"wp:featuredmedia":[{"embeddable":true,"href":"https:\/\/drsabancelebi.com\/es\/wp-json\/wp\/v2\/media\/515"}],"wp:attachment":[{"href":"https:\/\/drsabancelebi.com\/es\/wp-json\/wp\/v2\/media?parent=365"}],"wp:term":[{"taxonomy":"category","embeddable":true,"href":"https:\/\/drsabancelebi.com\/es\/wp-json\/wp\/v2\/categories?post=365"},{"taxonomy":"post_tag","embeddable":true,"href":"https:\/\/drsabancelebi.com\/es\/wp-json\/wp\/v2\/tags?post=365"}],"curies":[{"name":"wp","href":"https:\/\/api.w.org\/{rel}","templated":true}]}}